{"id":1398,"date":"2024-11-04T03:19:57","date_gmt":"2024-11-04T03:19:57","guid":{"rendered":"https:\/\/patrick-friedl.de\/wps\/?p=1398"},"modified":"2024-11-27T03:27:17","modified_gmt":"2024-11-27T03:27:17","slug":"patrick-friedl-nimmt-stellung-zur-pressemitteilung-von-staatsministerin-kaniber-bayern-wird-klimafester","status":"publish","type":"post","link":"http:\/\/patrick-friedl.de\/wps\/2024\/11\/04\/patrick-friedl-nimmt-stellung-zur-pressemitteilung-von-staatsministerin-kaniber-bayern-wird-klimafester\/","title":{"rendered":"Patrick Friedl nimmt Stellung zur Pressemitteilung von Staatsministerin Kaniber \u201eBayern wird klimafester&#8220;"},"content":{"rendered":"\n<p>Patrick Friedl, Mitglied der Gr\u00fcnen-Fraktion im Bayerischen Landtag, hat eine Stellungnahme zur aktuellen <a href=\"https:\/\/www.bayern.de\/bayern-wird-klimafester-ministerin-kaniber-ernennt-zehn-foerderfaehige-schwammregionen\/\">Pressemitteilung von Staatsministerin Kaniber<\/a> mit dem Titel \u201eBayern wird klimafester\u201c ver\u00f6ffentlicht. Friedl begr\u00fc\u00dft, dass die Staatsregierung nach jahrelangem Zaudern endlich beginnt, Ma\u00dfnahmen zur Klimaanpassung umzusetzen, wie die F\u00f6rderung von Schwammlandschaften in zehn bayerischen \u201eSchwammregionen\u201c. Er betont, dass diese Schritte wichtig sind, um ges\u00fcndere B\u00f6den, Humusaufbau, besseren Starkregenschutz und eine st\u00e4rkere Hitze-Resilienz in der Fl\u00e4che zu erreichen.<\/p>\n\n\n\n<p>Friedl kritisiert jedoch, dass gr\u00fcne Vorschl\u00e4ge und Antr\u00e4ge weiterhin zu oft aus ideologischen Gr\u00fcnden abgelehnt werden und wertvolle Zeit im Kampf gegen die Klimaerhitzung verloren geht. \u201eNach den ersten zehn Regionen und der Einstellung von Schwammlandschaftsmanagern braucht es jetzt dringend finanzielle und personelle Unterst\u00fctzung f\u00fcr Bayerns Kommunen, idealerweise in Form einer Regelfinanzierung aller notwendigen Ma\u00dfnahmen,\u201c fordert Friedl.<\/p>\n\n\n\n<p><strong>Die vollst\u00e4ndige Stellungnahme: <\/strong><\/p>\n\n\n\n<p>\u201eNach jahrelangem Zaudern beginnt die Staatsregierung in Person von Landwirtschaftsministerin Kaniber endlich einen Teil unserer Forderungen f\u00fcr Klimaanpassung durch Regenr\u00fcckhalt in der Fl\u00e4che umzusetzen: Schwammlandschaften sind eine Chance f\u00fcr ges\u00fcndere B\u00f6den, Humusaufbau, Klimaschutz, bessere Starkregenvorsorge und St\u00e4rkung der Hitze-Resilienz in unseren Landschaften. Hierzu geht Frau Kaniber jetzt in zehn bayerischen \u201eSchwammregionen\u201c erste Schritte. Es w\u00e4re gut, wenn die Staatsregierung endlich schneller und unb\u00fcrokratischer auch gr\u00fcne Antr\u00e4ge und Vorschl\u00e4ge in die Umsetzung bringt, statt wertvolle Zeit zu verlieren im Kampf gegen die Klimaerhitzung aus rein ideologischen Gr\u00fcnden, blo\u00df weil die Vorschl\u00e4ge von den \u201eFalschen\u201c kommen. Nach den ersten zehn Regionen \u2013 Gl\u00fcckwunsch u.a. an die ILE Streu-Saale und die Region Main-Werntal in Unterfranken \u2013 und der Einstellung von Schwammlandschaftsmanagern braucht es als n\u00e4chstes f\u00fcr die Bayerischen Kommunen dringend finanzielle und personelle Unterst\u00fctzung, am bestem mit einer Regelfinanzierung aller notwendigen Ma\u00dfnahmen. Dass der Bedarf hoch ist, zeigt sich schon an der regen Beteiligung beim Wettbewerb um die Pl\u00e4tze bei den zehn F\u00f6rderregionen.\u201c<\/p>\n\n\n\n<p>Einige Beispiele aus unseren Gr\u00fcnen-Antr\u00e4gen im Bayerischen Landtag allein der letzten Jahre:<\/p>\n\n\n\n<p>Auszug aus\u00a0<strong><a href=\"https:\/\/www.bayern.landtag.de\/www\/ElanTextAblage_WP18\/Drucksachen\/Basisdrucksachen\/0000019500\/0000019608.pdf\">Antrag \u201eSofortprogramm Klimaanpassung f\u00fcr Bayern<\/a>\u201c\u00a0<\/strong>vom 05.07.2023, Drs. 18\/29812:<\/p>\n\n\n\n<p>Die Staatsregierung wird aufgefordert, zeitnah Sonderf\u00f6rderprogramme zur Klimaanpassung f\u00fcr die Kommunen zu entwickeln (sp\u00e4testens f\u00fcr den n\u00e4chsten Landeshaushalt), die die Umsetzung von kommunalen Schwammstadt- und Schwammlandschaftskonzepten und den daraus resultierenden Ma\u00dfnahmen umfassen und zu mindestens 90 Prozent staatlich gef\u00f6rdert werden.<\/p>\n\n\n\n<p>Auszug aus\u00a0<a href=\"https:\/\/www.bayern.landtag.de\/www\/ElanTextAblage_WP18\/Drucksachen\/Basisdrucksachen\/0000013000\/0000013094.pdf\"><strong>Antrag\u00a0<\/strong>\u201e<strong>Modellregionen f\u00fcr Schwammlandschaften schaffen\u201c<\/strong><\/a><strong>\u00a0<\/strong>vom 09.02.2022, Drs. 18\/20567:<\/p>\n\n\n\n<p>&#8211; dezentrale kleine naturnahe Speicherbecken zum Regenwasserr\u00fcckhalt errichtet werden,<\/p>\n\n\n\n<p>&#8211; windbremsende Strukturen mit Hecken und Agroforstsystemen angelegt werden.<\/p>\n\n\n\n<p>Auszug aus\u00a0<strong><a href=\"https:\/\/www.bayern.landtag.de\/www\/ElanTextAblage_WP18\/Drucksachen\/Basisdrucksachen\/0000010500\/0000010936.pdf\">Antrag \u201eKommunen hochwassersicherer und hitzeresilienter machen\u201c<\/a>\u00a0<\/strong>vom 20.07.2021, Drs. 18\/17440:<\/p>\n\n\n\n<p>&#8211; Etablierung einer umfassenden gr\u00fcnen und blauen Infrastruktur in den Kommunen,<\/p>\n\n\n\n<p>&#8211; Entsiegelungsma\u00dfnahmen,<\/p>\n\n\n\n<p>&#8211; Schutz, Erweiterung und Anlage von Versickerungsfl\u00e4chen,<\/p>\n\n\n\n<p>&#8211; Schwammstadtprinzip umsetzen,<\/p>\n\n\n\n<p>&#8211; Sicherung und Etablierung von Gr\u00fcn- und unversiegelten Freifl\u00e4chen, W\u00e4ldern, Pflanzungen (B\u00e4ume, Str\u00e4ucher, Bl\u00fchwiesen).<\/p>\n","protected":false},"excerpt":{"rendered":"<p>Patrick Friedl, Mitglied der Gr\u00fcnen-Fraktion im Bayerischen Landtag, hat eine Stellungnahme zur aktuellen Pressemitteilung von Staatsministerin Kaniber mit dem Titel \u201eBayern wird klimafester\u201c ver\u00f6ffentlicht. Friedl begr\u00fc\u00dft, dass die Staatsregierung nach [&hellip;]<\/p>\n","protected":false},"author":-1,"featured_media":1399,"comment_status":"closed","ping_status":"closed","sticky":false,"template":"","format":"standard","meta":{"footnotes":""},"categories":[8,3,31,40],"tags":[],"class_list":["post-1398","post","type-post","status-publish","format-standard","has-post-thumbnail","hentry","category-klimaanpassung","category-landtag","category-pressemitteilungen","category-pressemitteilungen-corona"],"_links":{"self":[{"href":"http:\/\/patrick-friedl.de\/wps\/wp-json\/wp\/v2\/posts\/1398","targetHints":{"allow":["GET"]}}],"collection":[{"href":"http:\/\/patrick-friedl.de\/wps\/wp-json\/wp\/v2\/posts"}],"about":[{"href":"http:\/\/patrick-friedl.de\/wps\/wp-json\/wp\/v2\/types\/post"}],"author":[{"embeddable":true,"href":"http:\/\/patrick-friedl.de\/wps\/wp-json\/wp\/v2\/users\/8"}],"replies":[{"embeddable":true,"href":"http:\/\/patrick-friedl.de\/wps\/wp-json\/wp\/v2\/comments?post=1398"}],"version-history":[{"count":1,"href":"http:\/\/patrick-friedl.de\/wps\/wp-json\/wp\/v2\/posts\/1398\/revisions"}],"predecessor-version":[{"id":1400,"href":"http:\/\/patrick-friedl.de\/wps\/wp-json\/wp\/v2\/posts\/1398\/revisions\/1400"}],"wp:featuredmedia":[{"embeddable":true,"href":"http:\/\/patrick-friedl.de\/wps\/wp-json\/wp\/v2\/media\/1399"}],"wp:attachment":[{"href":"http:\/\/patrick-friedl.de\/wps\/wp-json\/wp\/v2\/media?parent=1398"}],"wp:term":[{"taxonomy":"category","embeddable":true,"href":"http:\/\/patrick-friedl.de\/wps\/wp-json\/wp\/v2\/categories?post=1398"},{"taxonomy":"post_tag","embeddable":true,"href":"http:\/\/patrick-friedl.de\/wps\/wp-json\/wp\/v2\/tags?post=1398"}],"curies":[{"name":"wp","href":"https:\/\/api.w.org\/{rel}","templated":true}]}}